{"id":322,"date":"2013-09-06T16:08:43","date_gmt":"2013-09-06T13:08:43","guid":{"rendered":"http:\/\/www.erzurumname.com\/?p=322"},"modified":"2022-10-24T23:12:54","modified_gmt":"2022-10-24T20:12:54","slug":"erzurumun-manevi-onderlerinden-sanamerli-seyyid-haci-ahmed-babanin-kisa-hayat-hikayesi","status":"publish","type":"post","link":"http:\/\/www.erzurumname.com\/?p=322","title":{"rendered":"Erzurumun Manevi \u00d6nderlerinden Sanamerli  Seyyid Hac\u0131 Ahmed Baban\u0131n k\u0131sa hayat hikayesi"},"content":{"rendered":"<p><a href=\"http:\/\/www.erzurumname.com\/wp-content\/uploads\/H.jpg\"><img loading=\"lazy\" decoding=\"async\" class=\"alignnone size-full wp-image-323\" alt=\"H\" src=\"http:\/\/www.erzurumname.com\/wp-content\/uploads\/H.jpg\" width=\"600\" height=\"275\" srcset=\"http:\/\/www.erzurumname.com\/wp-content\/uploads\/H.jpg 600w, http:\/\/www.erzurumname.com\/wp-content\/uploads\/H-300x137.jpg 300w\" sizes=\"auto, (max-width: 600px) 100vw, 600px\" \/><\/a><\/p>\n<p><a href=\"http:\/\/www.erzurumname.com\/wp-content\/uploads\/H.jpg\">Hac\u0131 Ahmet Baba Peygamber Efendimizin soyundan olup Seyyittir.. Hac\u0131 Ahmet Baba\u2019n\u0131n babas\u0131 \u015eeyh Yusuf Naili Efendi Van\u2019a gelip Ho\u015fab (G\u00fczelsu) beldesine yerle\u015fmi\u015ftir. Hac\u0131 Ahmet Baba 1792 senesinde burada d\u00fcnyaya te\u015frif edmi\u015ftir. \u0130lk tahsil ve tasavvuf terbiyesini babas\u0131n\u0131n dergah\u0131nda alarak, baba nezaretinde kemale ermi\u015ftir.<br \/>\nHac\u0131 Ahmet Baba emribilma\u011fruf g\u00f6reviyle Anadolu\u2019yu gezer sonra \u0130stanbul\u2019a gider oradan Hac far\u0131zas\u0131n\u0131 ifa etmek i\u00e7in Hicaza\u00a0 gider. Hicaz d\u00f6n\u00fc\u015f\u00fc Pir Muhammet K\u00fcfrevi dergah\u0131na gelerek iki y\u0131ll\u0131k bir e\u011fitiminden sonra, 36 ya\u015flar\u0131nda Babas\u0131ndan alm\u0131\u015f oldu\u011fu manevi bir i\u015faret \u00fczerine iki karde\u015f, Pasinler y\u00f6resine gelirler. Bu iki karde\u015f A\u015fa\u011f\u0131pasinin alt s\u0131n\u0131r\u0131nda olan ve Pasinlerle birlikte Narman kazas\u0131n\u0131 da ku\u015f bak\u0131\u015f\u0131 seyreden \u015eimdiki ad\u0131yla Hac\u0131 Ahmet Baba (Sanamer) k\u00f6y\u00fcne yerle\u015firler. \u0130lk ba\u015flarda h\u00fcsn\u00fc kab\u00fcl g\u00f6rmezler. Daha sonralar\u0131 bunlar\u0131n hal ehli oldu\u011funa \u015fahit olan k\u00f6y halk\u0131, bu aileye sahiblenir, birlikte bir tekke in\u015fas\u0131 kurarlar. Tabiiki post ni\u015fin Hac\u0131 Ahmet Babad\u0131r.<br \/>\nHac\u0131 Ahmet Baba d\u00fcnya mal\u0131 ad\u0131na hi\u00e7bir \u015feye sahip olmam\u0131\u015f, tek derdi \u0130slam\u0131, s\u00fcnneti Resulullah\u2019\u0131 ya\u015famak, ya\u015fatmak ve yaymak olmu\u015ftur. \u00d6mr\u00fcn\u00fc hep bu yolda t\u00fcketmi\u015ftir. Allah\u2019\u0131n dostlar\u0131 olan bu zatlar\u0131 Allah (C.C) kullar\u0131nada \u00e7ok sevdirmi\u015ftir. \u0130nsanlar\u0131n onlar\u0131 sevmesinin bir ba\u015fka sebebi de onlar\u0131n z\u00fcht ve takvalar\u0131, d\u00fcnya mal\u0131na \u00f6nem vermemeleri olsa gerek. Bir hadisi \u015ferifte Efendimiz (s.av) den \u015f\u00f6yle nakledilir. Ebu\u2019l- Abbas Sehl b. Sad es-Said(r.a) der ki: Adam\u0131n biri gelerek \u201cYa Resulullah \u0130\u015fledi\u011fim zaman Allah\u2019\u0131n ve insanlar\u0131n beni sevece\u011fi bir amel s\u00f6yle\u201d dedi. Resulullah da \u015f\u00f6yle buyurdu: \u201cD\u00fcnyadan y\u00fcz \u00e7evir ki, Allah seni sevsin, insanlar\u0131n elindekilere g\u00f6z dikme ki, insanlar seni sevsin\u201d(\u0130bni Mace) Bu zatlar\u0131nda ayn\u0131 vas\u0131flara sahib olduklar\u0131ndan dolay\u0131d\u0131r ki insanlar taraf\u0131ndan \u00e7ok sevilmi\u015fler ve sayg\u0131 g\u00f6rm\u00fc\u015flerdir.<br \/>\nHac\u0131 Ahmet Baba hayat s\u00fcresini seyhatle, halk\u0131 ir\u015fat etmekle ge\u00e7irmi\u015ftir. Sohbetlerindeki hal; \u201cD\u00fcnya sevgisinden ahiret sevgisine, \u00f6l\u00fcm korkusundan ebedi co\u015fkuya, ge\u00e7ici a\u015fktan ger\u00e7ek a\u015fka, kesretten vahdete, ikilikten birli\u011fe, ilimden irfana, \u015feriatten tarikate, hakikatten marifete \u015feklinde kendini g\u00f6sterir. D\u00fcnya onlar i\u00e7in gurbet, ahiret ise as\u0131l vatand\u0131r. Can tende her nefes al\u0131p veri\u015finde as\u0131l vatan\u0131na kavu\u015fman\u0131n hasreti i\u00e7inde yan\u0131p tutu\u015fur.\u201d Bu hal onu g\u00f6n\u00fclden g\u00f6n\u00fcle ta\u015f\u0131m\u0131\u015ft\u0131r. Her gitti\u011fi yerde sevdal\u0131lar\u0131 vard\u0131r. Bunlar\u0131 al\u0131p pi\u015firerek her birini\u00a0 de\u011fi\u015fik y\u00f6relere ir\u015fat i\u00e7in g\u00f6ndermi\u015ftir. Bu halifelerinden baz\u0131lar\u0131: Abdulgani Efendi(Zikri), Micingirtli \u0130smail Baba, Zivinli Aziz Baba, Ge\u00e7esorlu Kamil Baba, Bayburlu Ahmet Baba, Horumlu Molla Bahri, A\u015f\u0131k S\u00fcmmani Baba ve daha ismini sayamad\u0131\u011f\u0131m\u0131z niceleri\u2026<br \/>\nAllah\u2019\u0131n nurunun, kudretinin ve s\u0131r kap\u0131s\u0131n\u0131n sahibi olan Evliyaullahtan biri olan Hac\u0131 Ahmet Baba g\u00f6n\u00fclleri ihya etti\u011fi gibi, hanegah\u0131da hastalara \u015fifa kap\u0131s\u0131 olmu\u015ftur. Elbette \u015fifa verici olan sadece ve sadece E\u015f-\u015eafi olan Allah (C.C)d\u0131r. Ama \u015fafi isminin tecelli etti\u011fi baz\u0131 has kullar\u0131da bu konuda \u00e7ok etkili olmu\u015ftur. Neredeyse Kutbiyyet derecesindeki her zat mutlaka Kuran ile tedavi yolundan gitmi\u015fler ve \u00e7ok g\u00fczel neticeler alm\u0131\u015flard\u0131r. \u201c Biz Kuran\u2019dan \u00f6yle ayetler indirmekteyiz ki m\u00fcminler i\u00e7in \u015fifa ve rahmettir. Zalimlerinde ancak sap\u0131kl\u0131\u011f\u0131n\u0131 art\u0131r\u0131r.\u201d(\u0130sra,82.Ayet) Kur\u2019an-\u0131 Kerim elbette m\u00fcminler i\u00e7in \u015fifa ve rahmet kayna\u011f\u0131d\u0131r. \u0130n\u015fallah k\u0131yamete kadarda bu b\u00f6yle devam edecektir.<br \/>\nEvliyalar ya\u015fad\u0131klar\u0131 yere defnedilirler.Hac\u0131 Ahmet Baba 120 y\u0131ll\u0131k bereketli \u00f6mr\u00fcn\u00fc 1912 (1329) y\u0131l\u0131nda tamamlayarak fani alemden Baki aleme g\u00f6\u00e7m\u00fc\u015ft\u00fcr. Vefat etti\u011finde g\u00fczide halifesi ve s\u0131r katibi olan b\u00fcy\u00fck veli Abdulgani Efendi taraf\u0131ndan y\u0131kanm\u0131\u015f, cenaze namaz\u0131n\u0131 k\u0131ld\u0131rd\u0131ktan sonra ya\u015fad\u0131\u011f\u0131 eve defin edilmi\u015ftir. T\u00fcrbeleri Horasan il\u00e7emize 15 km. mesafede olan Hac\u0131 Ahmet Baba (Sanamer) k\u00f6y\u00fcnde bulunmaktad\u0131r.<br \/>\nHac\u0131 Ahmet Babn\u0131n ruhu \u015fad makam\u0131 cennet olsun.<\/a><\/p>\n","protected":false},"excerpt":{"rendered":"<p>Hac\u0131 Ahmet Baba Peygamber Efendimizin soyundan olup Seyyittir.. Hac\u0131 Ahmet&#8230;<\/p>\n","protected":false},"author":1,"featured_media":323,"comment_status":"open","ping_status":"open","sticky":false,"template":"","format":"standard","meta":{"footnotes":""},"categories":[136],"tags":[145,144],"class_list":["post-322","post","type-post","status-publish","format-standard","has-post-thumbnail","hentry","category-manevi-onderlerimiz","tag-haciahmetbaba","tag-sanamer","wpcat-136-id"],"_links":{"self":[{"href":"http:\/\/www.erzurumname.com\/index.php?rest_route=\/wp\/v2\/posts\/322","targetHints":{"allow":["GET"]}}],"collection":[{"href":"http:\/\/www.erzurumname.com\/index.php?rest_route=\/wp\/v2\/posts"}],"about":[{"href":"http:\/\/www.erzurumname.com\/index.php?rest_route=\/wp\/v2\/types\/post"}],"author":[{"embeddable":true,"href":"http:\/\/www.erzurumname.com\/index.php?rest_route=\/wp\/v2\/users\/1"}],"replies":[{"embeddable":true,"href":"http:\/\/www.erzurumname.com\/index.php?rest_route=%2Fwp%2Fv2%2Fcomments&post=322"}],"version-history":[{"count":1,"href":"http:\/\/www.erzurumname.com\/index.php?rest_route=\/wp\/v2\/posts\/322\/revisions"}],"predecessor-version":[{"id":324,"href":"http:\/\/www.erzurumname.com\/index.php?rest_route=\/wp\/v2\/posts\/322\/revisions\/324"}],"wp:featuredmedia":[{"embeddable":true,"href":"http:\/\/www.erzurumname.com\/index.php?rest_route=\/wp\/v2\/media\/323"}],"wp:attachment":[{"href":"http:\/\/www.erzurumname.com\/index.php?rest_route=%2Fwp%2Fv2%2Fmedia&parent=322"}],"wp:term":[{"taxonomy":"category","embeddable":true,"href":"http:\/\/www.erzurumname.com\/index.php?rest_route=%2Fwp%2Fv2%2Fcategories&post=322"},{"taxonomy":"post_tag","embeddable":true,"href":"http:\/\/www.erzurumname.com\/index.php?rest_route=%2Fwp%2Fv2%2Ftags&post=322"}],"curies":[{"name":"wp","href":"https:\/\/api.w.org\/{rel}","templated":true}]}}