{"id":319,"date":"2013-09-06T13:36:28","date_gmt":"2013-09-06T10:36:28","guid":{"rendered":"http:\/\/www.erzurumname.com\/?p=319"},"modified":"2014-03-21T20:04:12","modified_gmt":"2014-03-21T18:04:12","slug":"mevlana-kulluktaki-ihlasi-aliden-ogren","status":"publish","type":"post","link":"http:\/\/www.erzurumname.com\/?p=319","title":{"rendered":"Mevlana:  Kulluktaki ihl\u00e2s\u0131 Ali\u2019den \u00d6\u011fren"},"content":{"rendered":"<p><a href=\"http:\/\/www.erzurumname.com\/wp-content\/uploads\/ali-3.jpg\"><img loading=\"lazy\" decoding=\"async\" class=\"alignnone size-full wp-image-320\" alt=\"ali 3\" src=\"http:\/\/www.erzurumname.com\/wp-content\/uploads\/ali-3.jpg\" width=\"600\" height=\"275\" srcset=\"http:\/\/www.erzurumname.com\/wp-content\/uploads\/ali-3.jpg 600w, http:\/\/www.erzurumname.com\/wp-content\/uploads\/ali-3-300x137.jpg 300w\" sizes=\"auto, (max-width: 600px) 100vw, 600px\" \/><\/a><\/p>\n<p>Mesneviden bir hikaye<\/p>\n<p><a href=\"http:\/\/www.erzurumname.com\/wp-content\/uploads\/ali-3.jpg\"><br \/>\nKulluktaki ihl\u00e2s\u0131 Ali\u2019den \u00f6\u011fren, Allah aslan\u0131n\u0131 hilelerden ar\u0131nm\u0131\u015f bil.<\/a><\/p>\n<p>(Ali) sava\u015fta bir yi\u011fidi altetti, hemen k\u0131l\u0131c\u0131n\u0131 \u00e7ekip \u00fcst\u00fcne sald\u0131rd\u0131.<\/p>\n<p>O ki\u015fi, her peygamberin, her velinin \u00f6\u011f\u00fcnd\u00fc\u011f\u00fc Ali\u2019nin y\u00fcz\u00fcne t\u00fck\u00fcrd\u00fc.<\/p>\n<p>\u00d6yle bir y\u00fcze t\u00fck\u00fcrd\u00fc ki ay, secde yerinde o y\u00fcze secde eder.<\/p>\n<p>Ali, derhal k\u0131l\u0131c\u0131 elinden att\u0131, onunla sava\u015fmaktan vazge\u00e7ti.<\/p>\n<p>O sava\u015f\u00e7\u0131 er, bu i\u015fe, bu yersiz af ve merhamete \u015fa\u015f\u0131r\u0131p kald\u0131.<\/p>\n<p>Dedi ki: \u201cBana keskin k\u0131l\u0131c\u0131n\u0131 kald\u0131rm\u0131\u015ft\u0131n, neden k\u0131l\u0131c\u0131 indirdin ve beni b\u0131rakt\u0131n \u201d<\/p>\n<p>Ne g\u00f6rd\u00fcn ki bu derece k\u0131zg\u0131nken k\u0131zg\u0131nl\u0131\u011f\u0131n yat\u0131\u015ft\u0131; b\u00f6yle bir \u015fim\u015fek \u00e7akt\u0131, sonra s\u00f6n\u00fcverdi<\/p>\n<p>Ali dedi ki: \u201cBen k\u0131l\u0131c\u0131 Allah i\u00e7in vuruyorum. Hakk\u2019\u0131n kuluyum, ten memuru de\u011fil.<\/p>\n<p>Benim sak\u0131nmamda ancak Allah i\u00e7indir, vermem de&#8230; Tamam\u0131yla Hakk\u2019a aitim, ba\u015fkas\u0131na de\u011fil.<\/p>\n<p>Sen, benim y\u00fcz\u00fcme t\u00fck\u00fcr\u00fcnce nefsim kabard\u0131, hiddet ettim, huyum harap, berbat bir hale geldi.<\/p>\n<p>\u00d6yle bir hale geldim ki o anda sava\u015f\u0131m\u0131n yar\u0131s\u0131 Allah i\u00e7indi, yar\u0131s\u0131 nefsim i\u00e7in. (Halbuki) Allah i\u015finde ortakl\u0131k olmaz.<\/p>\n<p>Kafir bu s\u00f6z\u00fc i\u015fitti, g\u00f6nl\u00fcnde \u00f6yle bir nur zuhur etti ki z\u00fcnnar\u0131n\u0131 kesti.<\/p>\n<p>Ben, cefa tohumunu ekmi\u015ftim, seni ba\u015fka t\u00fcrl\u00fc san\u0131yordum.<\/p>\n<p>Halbuki sen tek huylu bir teraziymi\u015fsin, hatta her terazinin oku senmi\u015fsin.<\/p>\n<p>Me\u011fer sen benim soyum sopummu\u015fsun; me\u011fer \u00e7\u0131ra\u011f\u0131m\u0131n, dinimin ayd\u0131nl\u0131\u011f\u0131 senmi\u015fsin!<\/p>\n<p>Ben o g\u00f6r\u00fcr g\u00f6z arayan \u00e7\u0131ra\u011f\u0131n kulu, k\u00f6lesiyim ki senin \u00e7\u0131ra\u011f\u0131n da ondan nurlanm\u0131\u015f, ayd\u0131nlanm\u0131\u015ft\u0131r.<\/p>\n<p>\u201cBana kelime-i \u015fahadeti s\u00f6yle, ben de s\u00f6yleyeyim ki seni zaman\u0131n en y\u00fccesi g\u00f6rd\u00fcm\u201d dedi.<\/p>\n<p>Onunla beraber akrabas\u0131ndan, kavminden elli ki\u015fiye yak\u0131n kimse de \u00e2\u015f\u0131k\u00e7as\u0131na dine y\u00fcz tuttular ve M\u00fcsl\u00fcman oldular.<\/p>\n","protected":false},"excerpt":{"rendered":"<p>Mesneviden bir hikaye Kulluktaki ihl\u00e2s\u0131 Ali\u2019den \u00f6\u011fren, Allah aslan\u0131n\u0131 hilelerden&#8230;<\/p>\n","protected":false},"author":1,"featured_media":320,"comment_status":"open","ping_status":"open","sticky":false,"template":"","format":"standard","meta":{"footnotes":""},"categories":[321,1,102],"tags":[88,143,107,82],"class_list":["post-319","post","type-post","status-publish","format-standard","has-post-thumbnail","hentry","category-erzurum-guncel","category-genel","category-mevlana-hz","tag-hz-ali","tag-ihlas","tag-mesnevi","tag-mevlana","wpcat-321-id","wpcat-1-id","wpcat-102-id"],"_links":{"self":[{"href":"http:\/\/www.erzurumname.com\/index.php?rest_route=\/wp\/v2\/posts\/319","targetHints":{"allow":["GET"]}}],"collection":[{"href":"http:\/\/www.erzurumname.com\/index.php?rest_route=\/wp\/v2\/posts"}],"about":[{"href":"http:\/\/www.erzurumname.com\/index.php?rest_route=\/wp\/v2\/types\/post"}],"author":[{"embeddable":true,"href":"http:\/\/www.erzurumname.com\/index.php?rest_route=\/wp\/v2\/users\/1"}],"replies":[{"embeddable":true,"href":"http:\/\/www.erzurumname.com\/index.php?rest_route=%2Fwp%2Fv2%2Fcomments&post=319"}],"version-history":[{"count":2,"href":"http:\/\/www.erzurumname.com\/index.php?rest_route=\/wp\/v2\/posts\/319\/revisions"}],"predecessor-version":[{"id":492,"href":"http:\/\/www.erzurumname.com\/index.php?rest_route=\/wp\/v2\/posts\/319\/revisions\/492"}],"wp:featuredmedia":[{"embeddable":true,"href":"http:\/\/www.erzurumname.com\/index.php?rest_route=\/wp\/v2\/media\/320"}],"wp:attachment":[{"href":"http:\/\/www.erzurumname.com\/index.php?rest_route=%2Fwp%2Fv2%2Fmedia&parent=319"}],"wp:term":[{"taxonomy":"category","embeddable":true,"href":"http:\/\/www.erzurumname.com\/index.php?rest_route=%2Fwp%2Fv2%2Fcategories&post=319"},{"taxonomy":"post_tag","embeddable":true,"href":"http:\/\/www.erzurumname.com\/index.php?rest_route=%2Fwp%2Fv2%2Ftags&post=319"}],"curies":[{"name":"wp","href":"https:\/\/api.w.org\/{rel}","templated":true}]}}