{"id":292,"date":"2013-08-30T16:02:02","date_gmt":"2013-08-30T13:02:02","guid":{"rendered":"http:\/\/www.erzurumname.com\/?p=292"},"modified":"2022-10-24T23:13:18","modified_gmt":"2022-10-24T20:13:18","slug":"taskesenli-ibrahim-efendi-d-1855-o-1927","status":"publish","type":"post","link":"http:\/\/www.erzurumname.com\/?p=292","title":{"rendered":"Ta\u015fkesenli \u0130brahim Efendi  (d.1855 \/ \u00f6.1927)"},"content":{"rendered":"<p><a href=\"http:\/\/www.erzurumname.com\/wp-content\/uploads\/TA\u015eKESENL\u0130.jpg\"><img loading=\"lazy\" decoding=\"async\" class=\"alignnone size-full wp-image-293\" alt=\"TA\u015eKESENL\u0130\" src=\"http:\/\/www.erzurumname.com\/wp-content\/uploads\/TA\u015eKESENL\u0130.jpg\" width=\"635\" height=\"287\" srcset=\"http:\/\/www.erzurumname.com\/wp-content\/uploads\/TA\u015eKESENL\u0130.jpg 635w, http:\/\/www.erzurumname.com\/wp-content\/uploads\/TA\u015eKESENL\u0130-300x135.jpg 300w\" sizes=\"auto, (max-width: 635px) 100vw, 635px\" \/><\/a><\/p>\n<p><a href=\"http:\/\/www.erzurumname.com\/wp-content\/uploads\/TA\u015eKESENL\u0130.jpg\">Anadolu&#8217;da yeti\u015fen velilerdendir. 1272 (m.1855) y\u0131l\u0131nda Bing\u00f6l&#8217;\u00fcn Kar\u00adl\u0131ova il\u00e7esine ba\u011fl\u0131 Hac\u0131lar k\u00f6y\u00fcnde do\u011fdu. Babas\u0131 Molla Muhyiddin Efendi&#8217;dir. K\u00fc\u00e7\u00fck ya\u015fta tahsil hayat\u0131na ba\u015flayan \u0130brahim Efendi, \u00e7e\u015fitli medreseler\u00adde e\u011fitim g\u00f6rd\u00fc. Amcas\u0131n\u0131n o\u011flu \u015eeyh Ahmed Efendi&#8217;nin sohbetlerinde ke\u00admale erdi. Hocas\u0131 Ahmed Efendi ile Erzurum&#8217;a gidip Ta\u015fkesen k\u00f6y\u00fcne yerle\u015fti. \u0130brahim Efendi 1914 Rus sava\u015f\u0131nda Kafkas cephesinde talebeleri ile bir\u00adlikte sava\u015ft\u0131. Sar\u0131kam\u0131\u015f yak\u0131nlar\u0131ndaki sava\u015f s\u0131ras\u0131nda bir \u015farapnel par\u00e7as\u0131 ile aya\u011f\u0131ndan yaraland\u0131 ve topal kalmas\u0131na sebep oldu. Bundan sonra &#8220;Topal \u015eeyh&#8221; olarak da tan\u0131nd\u0131. Birinci D\u00fcnya Sava\u015f\u0131, Erzurum&#8217;un i\u015fgali, Ermeni zulm\u00fc ve Cumhuriyet&#8217;in ilk y\u0131llar\u0131nda me\u015fakkatli biri hayat s\u00fcrmesine ra\u011fmen, talebe yeti\u015ftirmekten vazge\u00e7medi. Baz\u0131 gereksiz sebeplerden dolay\u0131 1926 y\u0131l\u0131nda tutuklanarak H\u0131n\u0131s mah\u00adkemesince, Harput (Elaz\u0131\u011f) \u0130stiklal Mahkemesi&#8217;ne sevk edildi. Yaral\u0131 aya\u011f\u0131na ve \u015eubat ay\u0131n\u0131n \u00e7etin k\u0131\u015f \u015fartlar\u0131na ra\u011fmen yaya olarak Elaz\u0131\u011f&#8217;a g\u00f6nderildi. Elaz\u0131\u011f \u0130stiklal Mahkemesi taraf\u0131ndan \u0130zmir&#8217;de mecbur\u00ee ikamete tabi tutuldu. Bu arada k\u00f6ydeki evi, e\u015fyas\u0131, hayvanlar\u0131 ve k\u00fct\u00fcphanesine, devlet taraf\u0131ndan el konuldu. Han\u0131m\u0131 ve \u00e7ocuklar\u0131 paras\u0131z ve a\u00e7\u0131kta kald\u0131. Erzurum ve Pasinler&#8217;de akraba ve dostlar\u0131n\u0131n yan\u0131na s\u0131\u011f\u0131nmak mecburiyetinde kald\u0131lar. \u0130zmir&#8217;de iken b\u00f6lge halk\u0131 taraf\u0131ndan sevilmeye ba\u015flayan \u0130brahim Efendi, bir s\u00fcre sonra Demirci il\u00e7esine s\u00fcrg\u00fcn edildi. \u0130brahim Efendi Hazretleri, 3 Kas\u0131m 1927 y\u0131l\u0131nda Demirci&#8217;de vefat etti ve buraya defnedildi. Sevenleri taraf\u0131ndan bir de \u00fczerine t\u00fcrbe yapt\u0131r\u0131ld\u0131. 1954 y\u0131l\u0131nda t\u00fcrbenin \u00fczerinden yol ge\u00e7ece\u011fi i\u00e7in, kabrinin nakli gerekti. Durum o\u011flu Abd\u00fclkudd\u00fcs Efendi&#8217;ye bildirildi. Nakil i\u00e7in \u00f6nce o\u011flundan izin istendi. Abd\u00fclkudd\u00fcs Efendi, babas\u0131n\u0131n naa\u015f\u0131n\u0131 Erzurum&#8217;a nakledece\u011fini bildi\u00adrerek yola \u00e7\u0131kt\u0131. Demirci&#8217;ye gelinip kalabal\u0131k bir cemaatle kabir a\u00e7\u0131ld\u0131. 27 y\u0131l boyunca toprak alt\u0131nda kalan \u0130brahim Efendi&#8217;nin kefeninde en ufak bir leke yoktu. Durum Erzurum ve Demirci&#8217;de b\u00fcy\u00fck yank\u0131 uyand\u0131rd\u0131. Ta\u015fkesenli \u015eeyh Ahmed Efendi&#8217;nin o\u011flu \u015eeyh Mehmed S\u0131rr\u0131 Efendi&#8217;nin nezaretinde ve b\u00fcy\u00fck bir cemaatle\u00a0<b>Ta\u015fkesen k\u00f6y\u00fcne nakil ile defnedildi.\u00a0<\/b>Kabri halen ziyaretg\u00e2ht\u0131r.\u00a0<\/a><\/p>\n","protected":false},"excerpt":{"rendered":"<p>Anadolu&#8217;da yeti\u015fen velilerdendir. 1272 (m.1855) y\u0131l\u0131nda Bing\u00f6l&#8217;\u00fcn Kar\u00adl\u0131ova il\u00e7esine ba\u011fl\u0131&#8230;<\/p>\n","protected":false},"author":1,"featured_media":293,"comment_status":"open","ping_status":"open","sticky":false,"template":"","format":"standard","meta":{"footnotes":""},"categories":[136],"tags":[131,132],"class_list":["post-292","post","type-post","status-publish","format-standard","has-post-thumbnail","hentry","category-manevi-onderlerimiz","tag-erzurum-alimleri","tag-taskesenli-ibrahim-efendi","wpcat-136-id"],"_links":{"self":[{"href":"http:\/\/www.erzurumname.com\/index.php?rest_route=\/wp\/v2\/posts\/292","targetHints":{"allow":["GET"]}}],"collection":[{"href":"http:\/\/www.erzurumname.com\/index.php?rest_route=\/wp\/v2\/posts"}],"about":[{"href":"http:\/\/www.erzurumname.com\/index.php?rest_route=\/wp\/v2\/types\/post"}],"author":[{"embeddable":true,"href":"http:\/\/www.erzurumname.com\/index.php?rest_route=\/wp\/v2\/users\/1"}],"replies":[{"embeddable":true,"href":"http:\/\/www.erzurumname.com\/index.php?rest_route=%2Fwp%2Fv2%2Fcomments&post=292"}],"version-history":[{"count":1,"href":"http:\/\/www.erzurumname.com\/index.php?rest_route=\/wp\/v2\/posts\/292\/revisions"}],"predecessor-version":[{"id":294,"href":"http:\/\/www.erzurumname.com\/index.php?rest_route=\/wp\/v2\/posts\/292\/revisions\/294"}],"wp:featuredmedia":[{"embeddable":true,"href":"http:\/\/www.erzurumname.com\/index.php?rest_route=\/wp\/v2\/media\/293"}],"wp:attachment":[{"href":"http:\/\/www.erzurumname.com\/index.php?rest_route=%2Fwp%2Fv2%2Fmedia&parent=292"}],"wp:term":[{"taxonomy":"category","embeddable":true,"href":"http:\/\/www.erzurumname.com\/index.php?rest_route=%2Fwp%2Fv2%2Fcategories&post=292"},{"taxonomy":"post_tag","embeddable":true,"href":"http:\/\/www.erzurumname.com\/index.php?rest_route=%2Fwp%2Fv2%2Ftags&post=292"}],"curies":[{"name":"wp","href":"https:\/\/api.w.org\/{rel}","templated":true}]}}