{"id":204,"date":"2013-08-17T12:28:42","date_gmt":"2013-08-17T09:28:42","guid":{"rendered":"http:\/\/www.erzurumname.com\/?p=204"},"modified":"2022-10-24T23:13:41","modified_gmt":"2022-10-24T20:13:41","slug":"erzurumun-manevi-onderlerinden-muhammet-luffi-efenin-kisaca-hayati","status":"publish","type":"post","link":"http:\/\/www.erzurumname.com\/?p=204","title":{"rendered":"erzurumun manevi \u00f6nderlerinden muhammet l\u00fcffi efenin k\u0131saca hayat\u0131"},"content":{"rendered":"<p><a href=\"http:\/\/www.erzurumname.com\/wp-content\/uploads\/28462.jpg\"><img loading=\"lazy\" decoding=\"async\" class=\"alignnone size-full wp-image-205\" src=\"http:\/\/www.erzurumname.com\/wp-content\/uploads\/28462.jpg\" alt=\"28462\" width=\"650\" height=\"272\" \/><\/a><\/p>\n<p><strong>ALVARLI MUHAMMED L\u00dcTF\u0130 \u201cEFE\u201d\u00a0\u00a0 (1868-1956)<\/strong><b><\/b><\/p>\n<p><b>Erzurum&#8217;un Hasankale (Pasinler) \u0130l\u00ad\u00e7esinin K\u0131nd\u0131\u011f\u0131 k\u00f6y\u00fcnde do\u011fdu. Babas\u0131 Hoca H\u00fcseyin Efendi&#8217;den tahsil g\u00f6rd\u00fc. Babas\u0131ndan icazet ald\u0131ktan sonra Erzu\u00adrum&#8217;da tan\u0131nm\u0131\u015f baz\u0131 \u00e2limlerin dersleri\u00adni takip etti. 1891 y\u0131l\u0131nda Hasankale&#8217;nin Sivasl\u0131 Camii&#8217;ne imam tayin edildi. Ayn\u0131 y\u0131l babas\u0131yla birlikte Bitlis&#8217;e giderek Nak\u00ad\u015fibend\u00ee \u015feyhi Muhammed P\u00eer-i K\u00fcfrev\u00ee\u2019ye intisap etti. Riyazetini tamamlad\u0131k\u00adtan sonra P\u00eer-i K\u00fcfrev\u00ee\u2019nin halifesi ola\u00adrak Hasankale&#8217;ye d\u00f6nd\u00fc. Bir s\u00fcre bura\u00addaki g\u00f6revine devam etti, daha sonra Erzurum&#8217;un Dinarkum k\u00f6y\u00fcne giderek imaml\u0131k yapt\u0131. 12 \u015eubat 1916&#8217;da Ruslar&#8217;\u0131n Erzurum \u00e7evresini \u0130\u015fgale ba\u015flama\u00ads\u0131 \u00fczerine babas\u0131yla birlikte Erzurum&#8217;a geldi.<\/b><\/p>\n<p>Rus istil\u00e2s\u0131 s\u00fcresince \u00e7at Yav\u0130 k\u00f6y\u00fcnde imaml\u0131k yapt\u0131. Ruslar&#8217;\u0131n \u00e7ekil\u00admeye ba\u015flamalar\u0131 ve Ermeniler&#8217;in kat\u00adliama giri\u015fmeleri \u00fczerine Yavi ve kom\u00ad\u015fu k\u00f6ylerden toplad\u0131\u011f\u0131 altm\u0131\u015f ki\u015filik bir m\u00fcfrezeyle Ermeniler&#8217;e kar\u015f\u0131 koydu. Oyuklu k\u00f6y\u00fc yak\u0131nlar\u0131nda Ruslar&#8217;a ait b\u00fcy\u00fck bir sil\u00e2h deposunu ele ge\u00e7irdi. Daha sonra Haydari Bo\u011faz\u0131&#8217;ndaki Zergide k\u00f6y\u00fcnde T\u00fcrk ordusuna kat\u0131ld\u0131 ve ordu ile birlikte Erzurum&#8217;a girdi. Ayn\u0131 g\u00fcn babas\u0131 \u015fehid d\u00fc\u015ft\u00fc.<br \/>\nErzurum&#8217;un kurtulu\u015fundan sonra tek\u00adrar Hasankale&#8217;ye d\u00f6nd\u00fc. Kendisine tek\u00adlif edilen Hasankale m\u00fcft\u00fcl\u00fc\u011f\u00fc g\u00f6revini kabul etmeyerek Hasankale&#8217;ye ba\u011fl\u0131 Alvar k\u00f6y\u00fc halk\u0131n\u0131n iste\u011fi \u00fczerine oraya yerle\u015fti. Halk aras\u0131nda \u201cAlvar imam\u0131\u201d ve \u201cEfe hazretleri\u201d unvan\u0131yla tan\u0131nd\u0131. Bir Nak\u015fibend\u00ee H\u00e2lid\u00ee \u015feyhi olarak 1939&#8217;a kadar bu k\u00f6yde, bu tarihten sonra da Erzurum&#8217;da b\u00f6lge halk\u0131n\u0131 ir\u015fad ile me\u015f\u00adgul oldu. 12 Mart 1956&#8217;da vefat etti. Ce\u00adnazesi Alvar k\u00f6y\u00fcne g\u00f6t\u00fcr\u00fclerek oraya defnedildi.<\/p>\n<p>Arap\u00e7a, Fars\u00e7a ve T\u00fcrk\u00e7e \u015fiirler yazan Alvarl\u0131 Muhammed Lutfi Efendi&#8217;nin \u015fiirleri \u00f6l\u00fcm\u00fcnden sonra o\u011flu Seyfeddin Mazlumo\u011flu taraf\u0131ndan derlenerek Hul\u00e2sat\u00fc&#8217;l-hak\u00e2y\u0131k ad\u0131yla yay\u0131mlanm\u0131\u015f\u00adt\u0131. Bu divanda \u00e7e\u015fitli na\u00adz\u0131m \u015fekilleriyle s\u00f6ylenen 700&#8217;\u00fc a\u015fk\u0131n \u015fiir mevcuttur. Hece vezni ve olduk\u00e7a sade bir T\u00fcrk\u00e7e&#8217;nin kullan\u0131ld\u0131\u011f\u0131 bu \u015fiirlerden baz\u0131lar\u0131 da bestelenmi\u015ftir.<\/p>\n","protected":false},"excerpt":{"rendered":"<p>ALVARLI MUHAMMED L\u00dcTF\u0130 \u201cEFE\u201d\u00a0\u00a0 (1868-1956) Erzurum&#8217;un Hasankale (Pasinler) \u0130l\u00ad\u00e7esinin K\u0131nd\u0131\u011f\u0131&#8230;<\/p>\n","protected":false},"author":1,"featured_media":1454,"comment_status":"open","ping_status":"open","sticky":false,"template":"","format":"standard","meta":{"footnotes":""},"categories":[14,136],"tags":[68,96,21],"class_list":["post-204","post","type-post","status-publish","format-standard","has-post-thumbnail","hentry","category-alvarli-efe-hz","category-manevi-onderlerimiz","tag-alvarli","tag-alvarli-muhammed-lutfi-efe","tag-erzurum","wpcat-14-id","wpcat-136-id"],"_links":{"self":[{"href":"http:\/\/www.erzurumname.com\/index.php?rest_route=\/wp\/v2\/posts\/204","targetHints":{"allow":["GET"]}}],"collection":[{"href":"http:\/\/www.erzurumname.com\/index.php?rest_route=\/wp\/v2\/posts"}],"about":[{"href":"http:\/\/www.erzurumname.com\/index.php?rest_route=\/wp\/v2\/types\/post"}],"author":[{"embeddable":true,"href":"http:\/\/www.erzurumname.com\/index.php?rest_route=\/wp\/v2\/users\/1"}],"replies":[{"embeddable":true,"href":"http:\/\/www.erzurumname.com\/index.php?rest_route=%2Fwp%2Fv2%2Fcomments&post=204"}],"version-history":[{"count":3,"href":"http:\/\/www.erzurumname.com\/index.php?rest_route=\/wp\/v2\/posts\/204\/revisions"}],"predecessor-version":[{"id":1455,"href":"http:\/\/www.erzurumname.com\/index.php?rest_route=\/wp\/v2\/posts\/204\/revisions\/1455"}],"wp:featuredmedia":[{"embeddable":true,"href":"http:\/\/www.erzurumname.com\/index.php?rest_route=\/wp\/v2\/media\/1454"}],"wp:attachment":[{"href":"http:\/\/www.erzurumname.com\/index.php?rest_route=%2Fwp%2Fv2%2Fmedia&parent=204"}],"wp:term":[{"taxonomy":"category","embeddable":true,"href":"http:\/\/www.erzurumname.com\/index.php?rest_route=%2Fwp%2Fv2%2Fcategories&post=204"},{"taxonomy":"post_tag","embeddable":true,"href":"http:\/\/www.erzurumname.com\/index.php?rest_route=%2Fwp%2Fv2%2Ftags&post=204"}],"curies":[{"name":"wp","href":"https:\/\/api.w.org\/{rel}","templated":true}]}}