{"id":173,"date":"2013-08-12T18:04:27","date_gmt":"2013-08-12T15:04:27","guid":{"rendered":"http:\/\/www.erzurumname.com\/?p=173"},"modified":"2022-10-24T20:02:30","modified_gmt":"2022-10-24T17:02:30","slug":"imami-azam-ebu-hanifenin-peygamberimizin-ehlibeytine-bagliligi","status":"publish","type":"post","link":"http:\/\/www.erzurumname.com\/?p=173","title":{"rendered":"\u0130MAMI AZAM EBU HAN\u0130FE\u2019N\u0130N PEYGAMBER\u0130M\u0130Z\u0130N EHL\u0130BEYT\u0130NE BAGLILIGI"},"content":{"rendered":"<p><a href=\"http:\/\/www.erzurumname.com\/wp-content\/uploads\/0.jpg\"><img loading=\"lazy\" decoding=\"async\" class=\"alignnone size-full wp-image-174\" src=\"http:\/\/www.erzurumname.com\/wp-content\/uploads\/0.jpg\" alt=\"0\" width=\"596\" height=\"265\" \/><\/a><\/p>\n<p>Onun siy\u00e2setini ehl-i beyt taraftarl\u0131\u011f\u0131 belirliyordu. Ehl-i beyt\u2019e b\u00fcy\u00fck muhabbeti vard\u0131.<\/p>\n<p>Hayatinin bir b\u00f6l\u00fcm\u00fc Emevilerin, bir b\u00f6l\u00fcm\u00fc Abb\u00e2silerin h\u00e2kimiyetinde ge\u00e7ti. Her iki d\u00f6nemde de siy\u00e2sal iktidara kar\u015f\u0131yd\u0131. Onun siy\u00e2setini ehl-i beyt taraftarl\u0131\u011f\u0131 belirliyordu. Ehl-i beyt\u2019e b\u00fcy\u00fck muhabbeti vard\u0131.<\/p>\n<p>Abb\u00e2s\u00eeler iktidara geldiklerinde ehl-i beyt\u2019i g\u00f6zeteceklerini s\u00f6ylemi\u015flerdi. Ancak onlar\u0131n iktidara geldikten bir s\u00fcre sonra ehl-i beyt\u2019e zulmetmeye devam ettiklerini g\u00f6r\u00fcnce, onlara da kar\u015f\u0131 \u00e7\u0131kt\u0131. Derslerinde f\u0131rsat bulduk\u00e7a iktidar\u0131 tenkit etti. Her iki siyasal iktidar devrinde de kendisinden \u015f\u00fcphelenilmi\u015f, onu kendi taraflar\u0131na \u00e7ekmek, halk nezdindeki itibar\u0131ndan yararlanmak i\u00e7in kendisine kad\u0131l\u0131k g\u00f6revini teklif etmi\u015flerse de o, her iki d\u00f6nemde de teklifleri reddetmi\u015f ve bu sebepten dolay\u0131 i\u015fkenceye u\u011fram\u0131\u015f, hapsedilmi\u015ftir. (Ibn\u00fc\u2019l-Esir, el-K\u00e2mil fi\u2019t-T\u00e2rih, V, 559).<\/p>\n<p>\u0130mam, takv\u00e2s\u0131, fer\u00e2seti, ilm\u00ee d\u00fcr\u00fcstl\u00fc\u011f\u00fc ve g\u00f6r\u00fcslerini iktidara karsi kullanmas\u0131 ile halk\u0131n b\u00fcy\u00fck sevgisini kazand\u0131. Abb\u00e2si y\u00f6netimi ile hi\u00e7bir zaman uyu\u015fmad\u0131, uzla\u015fmad\u0131. Ticaretten kazand\u0131\u011f\u0131 hel\u00e2l r\u0131z\u0131kla ilmini destekledi. Hatt\u00e2 o, Zeyd b. Ali\u2019nin imaml\u0131\u011f\u0131na zimnen bey\u2019at etmi\u015fti. Hz. Ali\u2019nin torunlar\u0131, kendisi gibi birer birer isyan edip \u015fehid edilirken \u0130mam Zeyd i\u00e7in Eb\u00fb Hanife s\u00f6yle diyordu: \u201cZeyd\u2019in bu \u00e7\u0131k\u0131s\u0131 -His\u00e2m b. Abd\u00fclmelik\u2019e isyan\u0131- Ras\u00fblullah\u2019in Bedir g\u00fcn\u00fcndeki \u00e7\u0131k\u0131s\u0131na benziyor. \u201d Eb\u00fb Han\u00eefe\u2019nin ehl-i beyt imamlar\u0131 ile olan birlikteli\u011fi, Emevi ve Abb\u00e2si y\u00f6netimlerine kars\u0131 tavr\u0131 dikkat \u00e7ekici bir tav\u0131rd\u0131r. i45 y\u0131l\u0131nda Hz. Ali (r.a.)\u2019in torunlar\u0131ndan Muhammed en-Nefs\u00fc\u2019z Zekiye ile karde\u015fi \u0130brahim\u2019in Abb\u00e2silere isyan etmeleri ve \u015fehit olmalar\u0131 kars\u0131s\u0131nda Eb\u00fb Hanife Irak\u2019ta, \u0130mam M\u00e2lik Medine\u2019de a\u00e7\u0131k\u00e7a iktidar\u0131 telkin etmi\u015fler, bu y\u00fczden ikisi de k\u0131rba\u00e7lat\u0131lm\u0131\u015f, i\u015fkence g\u00f6rm\u00fc\u015f ve hapsedilmi\u015flerdir. Eb\u00fb Hanife alenen halk\u0131 ehil-i beyt\u2019e yard\u0131ma \u00e7a\u011f\u0131rd\u0131\u011f\u0131 i\u00e7in hapsedildi ve her g\u00fcn k\u0131rba\u00e7lat\u0131ld\u0131. Bunun sonucunda yetmi\u015f ya\u015f\u0131nda \u015fehid oldu. Zehirletildi\u011fi de riv\u00e2yet edilir (en-Nemeri, el-Intika, 170). Bagdat\u2019ta, Hayruzan mezarl\u0131\u011f\u0131na defnedildi, cenazesinde binlerce insan haz\u0131r bulundu.<\/p>\n","protected":false},"excerpt":{"rendered":"<p>Onun siy\u00e2setini ehl-i beyt taraftarl\u0131\u011f\u0131 belirliyordu. Ehl-i beyt\u2019e b\u00fcy\u00fck muhabbeti&#8230;<\/p>\n","protected":false},"author":1,"featured_media":1432,"comment_status":"open","ping_status":"open","sticky":false,"template":"","format":"standard","meta":{"footnotes":""},"categories":[1,9],"tags":[79,81,80,75],"class_list":["post-173","post","type-post","status-publish","format-standard","has-post-thumbnail","hentry","category-genel","category-imam-i-azam-ebu-hanife","tag-ebu-hanife","tag-ehli-beyt","tag-imam-zeyd","tag-imami-azam","wpcat-1-id","wpcat-9-id"],"_links":{"self":[{"href":"http:\/\/www.erzurumname.com\/index.php?rest_route=\/wp\/v2\/posts\/173","targetHints":{"allow":["GET"]}}],"collection":[{"href":"http:\/\/www.erzurumname.com\/index.php?rest_route=\/wp\/v2\/posts"}],"about":[{"href":"http:\/\/www.erzurumname.com\/index.php?rest_route=\/wp\/v2\/types\/post"}],"author":[{"embeddable":true,"href":"http:\/\/www.erzurumname.com\/index.php?rest_route=\/wp\/v2\/users\/1"}],"replies":[{"embeddable":true,"href":"http:\/\/www.erzurumname.com\/index.php?rest_route=%2Fwp%2Fv2%2Fcomments&post=173"}],"version-history":[{"count":2,"href":"http:\/\/www.erzurumname.com\/index.php?rest_route=\/wp\/v2\/posts\/173\/revisions"}],"predecessor-version":[{"id":1433,"href":"http:\/\/www.erzurumname.com\/index.php?rest_route=\/wp\/v2\/posts\/173\/revisions\/1433"}],"wp:featuredmedia":[{"embeddable":true,"href":"http:\/\/www.erzurumname.com\/index.php?rest_route=\/wp\/v2\/media\/1432"}],"wp:attachment":[{"href":"http:\/\/www.erzurumname.com\/index.php?rest_route=%2Fwp%2Fv2%2Fmedia&parent=173"}],"wp:term":[{"taxonomy":"category","embeddable":true,"href":"http:\/\/www.erzurumname.com\/index.php?rest_route=%2Fwp%2Fv2%2Fcategories&post=173"},{"taxonomy":"post_tag","embeddable":true,"href":"http:\/\/www.erzurumname.com\/index.php?rest_route=%2Fwp%2Fv2%2Ftags&post=173"}],"curies":[{"name":"wp","href":"https:\/\/api.w.org\/{rel}","templated":true}]}}