{"id":1168,"date":"2015-03-22T13:14:39","date_gmt":"2015-03-22T11:14:39","guid":{"rendered":"http:\/\/www.erzurumname.com\/?p=1168"},"modified":"2022-10-24T23:08:08","modified_gmt":"2022-10-24T20:08:08","slug":"seyh-ahmed-yasinin-sehadetinin-11-yil-donumunu-anarken","status":"publish","type":"post","link":"http:\/\/www.erzurumname.com\/?p=1168","title":{"rendered":"\u015eeyh Ahmed Yasin&#8217;in \u015eehadetinin 11. y\u0131l d\u00f6n\u00fcm\u00fcn\u00fc anarken"},"content":{"rendered":"<p>Filistin \u0130sl\u00e2mi Direni\u015f Hareketi (Hamas)\u2019\u0131n kurucusu ve direni\u015fin manevi \u00f6nderi \u015eeyh Ahmed Yasin \u015fehadetinin11. y\u0131l d\u00f6n\u00fcm\u00fcnde Filistin\u2019de an\u0131l\u0131yor.<\/p>\n<p>Filistin\u2019in \u00f6zg\u00fcrl\u00fck ve hak m\u00fccadelesinde \u00f6nemli yeri olan, karizmatik bir lider olmas\u0131 m\u00fcnasebetiyle Filistin\u2019deki t\u00fcm direni\u015f gruplar\u0131 nezdinde \u00f6nemli bir sayg\u0131nl\u0131\u011fa sahip olan Ahmed Yasin\u2019in geriye b\u0131rakt\u0131\u011f\u0131 izler \u015fehadetinin y\u0131l d\u00f6n\u00fcm\u00fcnde konu\u015fuluyor.<\/p>\n<p>\u015eeyh Yasin\u2019in \u015fehadet y\u0131l d\u00f6n\u00fcm\u00fcnde onu anan ve kendisinden s\u00f6z eden Filistinliler onun i\u015fgale kar\u015f\u0131 m\u00fccadelede bir okul, bir medrese oldu\u011funu dile getiriyorlar.<\/p>\n<p>1937 do\u011fumlu olan Ahmed Yasin\u2019in, gen\u00e7 ya\u015f\u0131nda ge\u00e7irdi\u011fi bir kaza sebebiyle b\u00fct\u00fcn v\u00fccudunun fel\u00e7 olmas\u0131na ra\u011fmen t\u00fcm \u00f6mr\u00fc boyunca Filistin gen\u00e7li\u011finin yeti\u015fmesinde, hem \u0130slam\u00ee bilin\u00e7 hem de \u00f6zg\u00fcrl\u00fck bilinci kazanmas\u0131nda \u00f6nemli yeri oldu. \u00dc\u00e7 ya\u015f\u0131ndayken babas\u0131n\u0131 kaybetti\u011fi i\u00e7in yetim olarak b\u00fcy\u00fcd\u00fc. Do\u011fum yeri olan Askalan\u2019\u0131n Cevra k\u00f6y\u00fc i\u015fgalci siyonistler taraf\u0131ndan 1948\u2019de i\u015fgal edildi\u011finden ailesiyle birlikte Gazze\u2019ye g\u00f6\u00e7 edip m\u00fclteci olarak hayat\u0131n\u0131 s\u00fcrd\u00fcrd\u00fc.<\/p>\n<p>Fel\u00e7li olmas\u0131ndan dolay\u0131 s\u00fcrekli tekerlekli sandalyeyle dola\u015fan Ahmed Yasin, 67 ya\u015f\u0131nda bir sabah namaz\u0131 sonras\u0131nda yine tekerlekli sandalyesiyle camiden \u00e7\u0131kt\u0131\u011f\u0131 esnada i\u015fgal g\u00fc\u00e7leri taraf\u0131ndan planlanan bir cinayette at\u0131lan f\u00fczelere hedef olarak \u015fehit oldu.<\/p>\n<p>Ahmed Yasin, \u00f6rnek \u00e7al\u0131\u015fmas\u0131yla, karizmatik ki\u015fili\u011fiyle ve ortaya koydu\u011fu eserleriyle hem Filistinlilerin hem de onu seven herkesin g\u00f6nl\u00fcnde ya\u015famaya devam etti.<\/p>\n","protected":false},"excerpt":{"rendered":"<p>Filistin \u0130sl\u00e2mi Direni\u015f Hareketi (Hamas)\u2019\u0131n kurucusu ve direni\u015fin manevi \u00f6nderi&#8230;<\/p>\n","protected":false},"author":1,"featured_media":1169,"comment_status":"open","ping_status":"open","sticky":false,"template":"","format":"standard","meta":{"footnotes":""},"categories":[27,435,136],"tags":[],"class_list":["post-1168","post","type-post","status-publish","format-standard","has-post-thumbnail","hentry","category-eyyamullah","category-islami-vahdet","category-manevi-onderlerimiz","wpcat-27-id","wpcat-435-id","wpcat-136-id"],"_links":{"self":[{"href":"http:\/\/www.erzurumname.com\/index.php?rest_route=\/wp\/v2\/posts\/1168","targetHints":{"allow":["GET"]}}],"collection":[{"href":"http:\/\/www.erzurumname.com\/index.php?rest_route=\/wp\/v2\/posts"}],"about":[{"href":"http:\/\/www.erzurumname.com\/index.php?rest_route=\/wp\/v2\/types\/post"}],"author":[{"embeddable":true,"href":"http:\/\/www.erzurumname.com\/index.php?rest_route=\/wp\/v2\/users\/1"}],"replies":[{"embeddable":true,"href":"http:\/\/www.erzurumname.com\/index.php?rest_route=%2Fwp%2Fv2%2Fcomments&post=1168"}],"version-history":[{"count":1,"href":"http:\/\/www.erzurumname.com\/index.php?rest_route=\/wp\/v2\/posts\/1168\/revisions"}],"predecessor-version":[{"id":1170,"href":"http:\/\/www.erzurumname.com\/index.php?rest_route=\/wp\/v2\/posts\/1168\/revisions\/1170"}],"wp:featuredmedia":[{"embeddable":true,"href":"http:\/\/www.erzurumname.com\/index.php?rest_route=\/wp\/v2\/media\/1169"}],"wp:attachment":[{"href":"http:\/\/www.erzurumname.com\/index.php?rest_route=%2Fwp%2Fv2%2Fmedia&parent=1168"}],"wp:term":[{"taxonomy":"category","embeddable":true,"href":"http:\/\/www.erzurumname.com\/index.php?rest_route=%2Fwp%2Fv2%2Fcategories&post=1168"},{"taxonomy":"post_tag","embeddable":true,"href":"http:\/\/www.erzurumname.com\/index.php?rest_route=%2Fwp%2Fv2%2Ftags&post=1168"}],"curies":[{"name":"wp","href":"https:\/\/api.w.org\/{rel}","templated":true}]}}